{"id":5,"date":"2024-11-11T19:12:58","date_gmt":"2024-11-11T18:12:58","guid":{"rendered":"http:\/\/wordpress.p441674.webspaceconfig.de\/?p=5"},"modified":"2024-11-20T17:10:09","modified_gmt":"2024-11-20T16:10:09","slug":"alles-eine-frage-der-perspektive","status":"publish","type":"post","link":"https:\/\/achim-fuerniss.de\/index.php\/2024\/11\/11\/alles-eine-frage-der-perspektive\/","title":{"rendered":"Alles eine Frage der Perspektive&#8230;"},"content":{"rendered":"\n<figure class=\"wp-block-gallery has-nested-images columns-default is-cropped wp-block-gallery-1 is-layout-flex wp-block-gallery-is-layout-flex\">\n<figure class=\"wp-block-image size-large\"><img loading=\"lazy\" decoding=\"async\" width=\"800\" height=\"600\" data-id=\"47\" src=\"https:\/\/achim-fuerniss.de\/wp-content\/uploads\/2024\/11\/0511_008-1.jpg\" alt=\"\" class=\"wp-image-47\" srcset=\"https:\/\/achim-fuerniss.de\/wp-content\/uploads\/2024\/11\/0511_008-1.jpg 800w, https:\/\/achim-fuerniss.de\/wp-content\/uploads\/2024\/11\/0511_008-1-300x225.jpg 300w, https:\/\/achim-fuerniss.de\/wp-content\/uploads\/2024\/11\/0511_008-1-768x576.jpg 768w\" sizes=\"auto, (max-width: 767px) 89vw, (max-width: 1000px) 54vw, (max-width: 1071px) 543px, 580px\" \/><\/figure>\n<\/figure>\n\n\n\n<p class=\"wp-block-paragraph\">Als ich anfing in diesen Tagen an der Neugestaltung meiner privaten Homepage zu arbeiten, fragte ich mich, was mich im Moment am meisten bewegt. Und dabei kam ich auf den Satz: &#8222;Alles eines Frage der Perspektive&#8220;. Denn die Perspektive ist es, die sich in meinem Leben gerade sehr ver\u00e4ndert hat. Ja, Ver\u00e4nderungen bringen einen Wechsel der Perspektive mit sich, gewollt oder ungewollt.<\/p>\n\n\n\n<p class=\"wp-block-paragraph\">Die Ver\u00e4nderung meiner Perspektive ist durch den Verlust gepr\u00e4gt, den ich in diesem Jahr erleben musste. Verlust ist eine Situation, die \u00c4ngste erzeugt und die bearbeitet werden m\u00fcssen. Ich habe den Verlust meiner Frau nach jahrelangem Krebsleiden zwar schon vorausgesehen, aber die Situation die dann tats\u00e4chlich eintrat, ist doch etwas anderes als das, was ich mir vorstellen konnte. Die Gef\u00fchle, die pl\u00f6tzlich aus dem Unterbewusstsein aufstiegen sind immer wieder \u00fcberw\u00e4ltigend, und selbst wenn ich sie verdr\u00e4nge, latent da als ein Grundgef\u00fchl von Traurigkeit, das bei allem, was ich in diesem Jahr erlebt habe, stets mitschwingt.<\/p>\n\n\n\n<p class=\"wp-block-paragraph\">Ich habe aktiv versucht, der Perspektive der Traurigkeit und des Verlustes zu begegnen. Dabei erlebte ich die klassischen Stufen der Trauerarbeit: Schock, Apathie, Depression und Annahme (<a href=\"https:\/\/www.landeskirche-hannovers.de\/taufe-bis-trauer\/trauer\/trauerphasen-spiegel\">Yorick Spiegel<\/a>). Und je mehr ich versuchte, mit neuen starken Erlebnissen etwas dagegen zu setzen, je heftiger verst\u00e4rkten sich die durch den Prozess bedingten Grundgef\u00fchle der genannten Stufen.<\/p>\n\n\n\n<p class=\"wp-block-paragraph\">Oft komme ich mir dabei vor wie der ber\u00fchmte Hamster in seinem Laufrad oder der Anrufer in einer Dauer-Endlosschleife. Immer wieder sind es die gleichen Gef\u00fchle, die meine Perspektive bestimmen:<\/p>\n\n\n\n<ul class=\"wp-block-list\">\n<li>Verletzung: Das Gef\u00fchl des Verletzt-seins. Eine offene Wunde klafft in meiner Seele und das zeigt sich auch durch eine erh\u00f6hte Empfindlichkeit gegen\u00fcber anderen, auch wenn sie gar nichts mit meinem Trauerprozess zu tun haben.<\/li>\n\n\n\n<li>Hadern: ich hadere mit dem Schicksal, das mich nicht nur einmal in diesem Verlust getroffen hat, sondern mich immer wieder neu ereilt mit jedem neuen Verlust, den ich zu verarbeiten habe.<\/li>\n\n\n\n<li>Kr\u00e4nkung: der Tod eines nahen Angeh\u00f6rigen ist eine enorme Kr\u00e4nkung, gegen die man sich absolut nicht wehren kann, dass sie endg\u00fcltig ist, \u00e4hnlich wie die Trennung nach einer gro\u00dfen Liebe, die unwiederbringlich verloren ist.<\/li>\n\n\n\n<li>Ungeduld: Wann h\u00f6rt dieses Leiden endlich auf? Ich m\u00f6chte nicht mehr leiden! Wie viel Sch\u00f6nes habe ich in diesem Jahr versucht dagegen zu setzen, wie oft habe ich beschlossen, dem Leben noch einmal neu zu begegnen. Doch meine Ungeduld \u00e4hnelte dabei eher dem Trotz der Schockphase, die nicht wahrhaben wollte, was an Grundgef\u00fchlen immer noch in mir steckt &#8211; und f\u00fchrte am Ende zu noch mehr Verletzung.<\/li>\n<\/ul>\n\n\n\n<p class=\"wp-block-paragraph\"><\/p>\n\n\n\n<p class=\"wp-block-paragraph\"><\/p>\n","protected":false},"excerpt":{"rendered":"<p>Als ich anfing in diesen Tagen an der Neugestaltung meiner privaten Homepage zu arbeiten, fragte ich mich, was mich im Moment am meisten bewegt. Und dabei kam ich auf den Satz: &#8222;Alles eines Frage der Perspektive&#8220;. Denn die Perspektive ist es, die sich in meinem Leben gerade sehr ver\u00e4ndert hat. Ja, Ver\u00e4nderungen bringen einen Wechsel &hellip; <\/p>\n<p class=\"link-more\"><a href=\"https:\/\/achim-fuerniss.de\/index.php\/2024\/11\/11\/alles-eine-frage-der-perspektive\/\" class=\"more-link\"><span class=\"screen-reader-text\">\u201eAlles eine Frage der Perspektive&#8230;\u201c<\/span> weiterlesen<\/a><\/p>\n","protected":false},"author":3,"featured_media":0,"comment_status":"open","ping_status":"open","sticky":false,"template":"","format":"standard","meta":{"footnotes":""},"categories":[14],"tags":[],"class_list":["post-5","post","type-post","status-publish","format-standard","hentry","category-standpunkt"],"_links":{"self":[{"href":"https:\/\/achim-fuerniss.de\/index.php\/wp-json\/wp\/v2\/posts\/5","targetHints":{"allow":["GET"]}}],"collection":[{"href":"https:\/\/achim-fuerniss.de\/index.php\/wp-json\/wp\/v2\/posts"}],"about":[{"href":"https:\/\/achim-fuerniss.de\/index.php\/wp-json\/wp\/v2\/types\/post"}],"author":[{"embeddable":true,"href":"https:\/\/achim-fuerniss.de\/index.php\/wp-json\/wp\/v2\/users\/3"}],"replies":[{"embeddable":true,"href":"https:\/\/achim-fuerniss.de\/index.php\/wp-json\/wp\/v2\/comments?post=5"}],"version-history":[{"count":8,"href":"https:\/\/achim-fuerniss.de\/index.php\/wp-json\/wp\/v2\/posts\/5\/revisions"}],"predecessor-version":[{"id":66,"href":"https:\/\/achim-fuerniss.de\/index.php\/wp-json\/wp\/v2\/posts\/5\/revisions\/66"}],"wp:attachment":[{"href":"https:\/\/achim-fuerniss.de\/index.php\/wp-json\/wp\/v2\/media?parent=5"}],"wp:term":[{"taxonomy":"category","embeddable":true,"href":"https:\/\/achim-fuerniss.de\/index.php\/wp-json\/wp\/v2\/categories?post=5"},{"taxonomy":"post_tag","embeddable":true,"href":"https:\/\/achim-fuerniss.de\/index.php\/wp-json\/wp\/v2\/tags?post=5"}],"curies":[{"name":"wp","href":"https:\/\/api.w.org\/{rel}","templated":true}]}}